{"id":20699,"date":"2022-07-04T09:11:34","date_gmt":"2022-07-04T07:11:34","guid":{"rendered":"https:\/\/www.fresopolis-mallorca.com\/animales-endemicos-de-mallorca-el-sapo-partero-balear\/"},"modified":"2022-07-14T11:01:26","modified_gmt":"2022-07-14T09:01:26","slug":"animales-endemicos-de-mallorca-el-sapo-partero-balear","status":"publish","type":"post","link":"https:\/\/www.fresopolis-mallorca.com\/es\/animales-endemicos-de-mallorca-el-sapo-partero-balear\/","title":{"rendered":"Animales end\u00e9micos de Mallorca &#8211; el sapo partero balear"},"content":{"rendered":"<h2>Un diminuto sapo que s\u00f3lo existe en Mallorca<\/h2>\n<p>El ferreret o sapillo balear es un diminuto sapo que no vive en ning\u00fan otro lugar del mundo excepto en Mallorca. Es decir, es un animal end\u00e9mico de Mallorca. Incluso en esta isla es dif\u00edcil de encontrar, ya que se esconde donde el ser humano rara vez llega: en grietas estrechas, h\u00famedas y de dif\u00edcil acceso en lo alto de la Serra de Tramuntana. Por ello no es de extra\u00f1ar que los cient\u00edficos, que sab\u00edan de su existencia gracias al hallazgo de unos restos f\u00f3siles de varios millones de a\u00f1os de antig\u00fcedad cre\u00edan que se hab\u00eda extinguido hace ya varios miles de a\u00f1os. Hasta 1978, ninguno de ellos hab\u00eda visto un ejemplar vivo. La sorpresa fue may\u00fascula cuando se encontr\u00f3 vivo y en buen estado en una cueva de la sierra de Tramuntana, en el municipio de S\u00f3ller. \u00bfTe imaginas la sensaci\u00f3n que caus\u00f3? \u00a1Fue casi como encontrar un dinosaurio vivo!<\/p>\n<h2>\u00bfDe d\u00f3nde proceden los nombres de ferreret y sapo partero balear?<\/h2>\n<p>Su cari\u00f1oso nombre mallorqu\u00edn, ferreret, que significa &#8220;peque\u00f1o herrero&#8221;, hace referencia al sonido met\u00e1lico de su canto peculiar que recuerda al de los golpes de un martillo de hierro. Lo hab\u00edan bautizado as\u00ed los payeses que lo conoc\u00edan ya mucho antes de que fuera redescubierto por los cient\u00edficos. Esos payeses no pod\u00edan adivinar la gran importancia que tendr\u00eda su existencia para la ciencia.<\/p>\n<p>En cuanto a su nombre en lat\u00edn, &#8216;alytes muletensis&#8217;, los cient\u00edficos se inspiraron en el lugar donde fue encontrado: una cueva al suroeste del Port de S\u00f3ller. Esta cueva se llama &#8220;Cova de Muleta&#8221;. En castellano, el ferreret tambi\u00e9n se llama sapillo balear o sapo partero balear. Este \u00faltimo nombre, tambi\u00e9n un tanto curioso, hace referencia a su comportamiento especial de reproducci\u00f3n: una vez que la hembra haya puesto los huevos, el macho los carga entre sus patas traseras y los transporta durante todo el periodo de maduraci\u00f3n (unas 3 semanas), hasta que est\u00e9n preparados para sobrevivir por s\u00ed solos en el agua en forma de renacuajos. <\/p>\n<h3>\u00bfEn qu\u00e9 se diferencia el sapo partero balear del sapo partero com\u00fan?<\/h3>\n<p>Hace unos 5 millones de a\u00f1os, el mar Mediterr\u00e1neo se sec\u00f3 casi por completo debido a la oclusi\u00f3n del canal que lo conectaba con el oc\u00e9ano Atl\u00e1ntico. Los antepasados del ferreret que viv\u00edan en la pen\u00ednsula ib\u00e9rica utilizaron la ruta terrestre y se asentaron en lo que hoy son las Islas Baleares. Aqu\u00ed hab\u00eda menos depredadores, por lo que se relajaron: en lugar de poner 50 o m\u00e1s huevos a la vez para contrarrestar la constante amenaza de depredadores, el ferreret redujo su puesta a apenas m\u00e1s de 12. Adem\u00e1s, pudo prescindir de un mecanismo de defensa que sus antepasados hab\u00edan desarrollado para protegerse de los enemigos: una piel provista de verrugas y gl\u00e1ndulas. Una vez en su nuevo entorno, ya no necesitaba protegerse de los enemigos con la ayuda de un olor desagradable, por lo que en el curso de la evoluci\u00f3n desarroll\u00f3 una piel casi lisa con s\u00f3lo unas pocas gl\u00e1ndulas cut\u00e1neas.<\/p>\n<h2>Problemas con los que se enfrenta el ferreret<\/h2>\n<p>A pesar de que este diminuto sapo (apenas mide 4 cm) haya sobrevivido hasta nuestros d\u00edas, se enfrenta una y otra vez con amenazas a lo largo de su vida en Mallorca. Mientras a su llegada a las islas promet\u00eda ser el fin de la lucha contra los depredadores, la primera amenaza lleg\u00f3 con la serpiente v\u00edbora, probablemente introducida por los romanos hace m\u00e1s de 2000 a\u00f1os. En el men\u00fa de esta serpiente de agua, tanto el renacuajo como el ferreret adulto ocupan un lugar destacado. Con el paso del tiempo, el sapillo balear se fue refugiando cada vez m\u00e1s en los rincones remotos de la sierra de Tramuntana.<\/p>\n<p>Incluso en los tiempos modernos, las poblaciones del ferreret tienen que luchar una y otra vez con las circunstancias que hacen que su poblaci\u00f3n disminuya dr\u00e1sticamente. En 2002, por ejemplo, una infecci\u00f3n por hongos caus\u00f3 preocupaci\u00f3n entre la gran comunidad de protectores del ferreret en Mallorca. Gracias a elaboradas campa\u00f1as de desinfecci\u00f3n de torrentes y tratamientos antif\u00fangicos, la amenaza de este hongo se lleg\u00f3 a controlar en 2015.<\/p>\n<p>Otros cambios que ponen en peligro su existencia y que obligan a asegurar su poblaci\u00f3n una y otra vez mediante la cr\u00eda artificial en centros de protecci\u00f3n, son el constante desarrollo de la construcci\u00f3n en la isla, la escasez de agua debido a la alt\u00edsima demanda de agua en temporada alta, el creciente turismo de senderismo y la contaminaci\u00f3n de las aguas por las plantas embotelladoras de agua potable de la Tramuntana. <\/p>\n<p><a ref=\"magnificPopup\" href=\"https:\/\/www.fresopolis-mallorca.com\/wp-content\/uploads\/2022\/07\/A-tiny-toad-that-only-exists-on-Mallorca.jpg\"><img loading=\"lazy\" decoding=\"async\" class=\"myresponsive aligncenter wp-image-20692 size-full\" title=\"Un diminuto sapo que s\u00f3lo existe en Mallorca\" src=\"https:\/\/www.fresopolis-mallorca.com\/wp-content\/uploads\/2022\/07\/A-tiny-toad-that-only-exists-on-Mallorca.jpg\" alt=\"El sapillo balear\u200b o ferreret (Alytes muletensis)\" width=\"1200\" height=\"800\" srcset=\"https:\/\/www.fresopolis-mallorca.com\/wp-content\/uploads\/2022\/07\/A-tiny-toad-that-only-exists-on-Mallorca.jpg 1200w, https:\/\/www.fresopolis-mallorca.com\/wp-content\/uploads\/2022\/07\/A-tiny-toad-that-only-exists-on-Mallorca-300x200.jpg 300w, https:\/\/www.fresopolis-mallorca.com\/wp-content\/uploads\/2022\/07\/A-tiny-toad-that-only-exists-on-Mallorca-1024x683.jpg 1024w, https:\/\/www.fresopolis-mallorca.com\/wp-content\/uploads\/2022\/07\/A-tiny-toad-that-only-exists-on-Mallorca-200x133.jpg 200w, https:\/\/www.fresopolis-mallorca.com\/wp-content\/uploads\/2022\/07\/A-tiny-toad-that-only-exists-on-Mallorca-600x400.jpg 600w\" sizes=\"auto, (max-width: 1200px) 100vw, 1200px\" \/><\/a><\/p>\n<h3>El sapo partero balear es un buen ejemplo de la protecci\u00f3n de la especies en Mallorca<\/h3>\n<p>\u00bfY c\u00f3mo est\u00e1 nuestro peque\u00f1o amigo hoy? Tenemos buenas noticias: \u00a1todav\u00eda existe! Gracias a diversos programas de protecci\u00f3n de especies, la poblaci\u00f3n de este peque\u00f1o y simp\u00e1tico anfibio se ha estabilizado. Desde su redescubrimiento, las iniciativas para protegerlo y de impedir su extinci\u00f3n no han tenido precedentes. Las culebras de agua fueron reubicadas en otras zonas, como el humedal de S&#8217;Albufera, en cuanto se descubrieron cerca de los h\u00e1bitats restringidos del ferreret.<br \/>\nGracias a un plan especial de protecci\u00f3n del ferreret iniciado por las autoridades en Mallorca, el ferreret empez\u00f3 a recibir ayuda incluso desde m\u00e1s all\u00e1 de la isla: Zool\u00f3gicos y otras instituciones en Inglaterra (Jersey, Kent), Alemania (Stuttgart) y Barcelona se dedican hasta hoy d\u00eda a reproducir ejemplares en sus instalaciones para llevarlos anualmente a la Tramuntana. Y por \u00faltimo, pero no por ello menos importante, la designaci\u00f3n de la Tramuntana como Patrimonio de la Humanidad deber\u00eda garantizar la conservaci\u00f3n del h\u00e1bitat de esta especie, \u00fanica en el mundo.<\/p>\n","protected":false},"excerpt":{"rendered":"<p>Un diminuto sapo que s\u00f3lo existe en Mallorca El ferreret o sapillo balear es un diminuto sapo que no vive en ning\u00fan otro lugar del mundo excepto en Mallorca. Es decir, es un animal end\u00e9mico de Mallorca. Incluso en esta isla es dif\u00edcil de encontrar, ya que se esconde donde el ser humano rara vez&#8230;<\/p>\n","protected":false},"author":50,"featured_media":20702,"comment_status":"open","ping_status":"open","sticky":false,"template":"","format":"standard","meta":{"inline_featured_image":false,"mc4wp_mailchimp_campaign":[],"footnotes":""},"categories":[171,173],"tags":[],"class_list":["post-20699","post","type-post","status-publish","format-standard","has-post-thumbnail","hentry","category-animales","category-proteccion-animal"],"yoast_head":"<!-- This site is optimized with the Yoast SEO plugin v26.8 - https:\/\/yoast.com\/product\/yoast-seo-wordpress\/ -->\n<title>Animales end\u00e9micos de Mallorca - el sapo partero balear<\/title>\n<meta name=\"description\" content=\"El sapillo balear es end\u00e9mico de la Tramuntana en Mallorca. \u00bfC\u00f3mo est\u00e1 este animal protegido? \u00bfY qu\u00e9 es tan fascinante en este diminuto animal?\" \/>\n<meta name=\"robots\" content=\"index, follow, max-snippet:-1, max-image-preview:large, max-video-preview:-1\" \/>\n<link rel=\"canonical\" href=\"https:\/\/www.fresopolis-mallorca.com\/es\/animales-endemicos-de-mallorca-el-sapo-partero-balear\/\" \/>\n<meta property=\"og:locale\" content=\"es_ES\" \/>\n<meta property=\"og:type\" content=\"article\" \/>\n<meta property=\"og:title\" content=\"Animales end\u00e9micos de Mallorca - el sapo partero balear\" \/>\n<meta property=\"og:description\" content=\"El sapillo balear es end\u00e9mico de la Tramuntana en Mallorca. \u00bfC\u00f3mo est\u00e1 este animal protegido? \u00bfY qu\u00e9 es tan fascinante en este diminuto animal?\" \/>\n<meta property=\"og:url\" content=\"https:\/\/www.fresopolis-mallorca.com\/es\/animales-endemicos-de-mallorca-el-sapo-partero-balear\/\" \/>\n<meta property=\"og:site_name\" content=\"Fresopolis Mallorca\" \/>\n<meta property=\"article:publisher\" content=\"https:\/\/www.facebook.com\/Fresopolis.Mallorca\" \/>\n<meta property=\"article:published_time\" content=\"2022-07-04T07:11:34+00:00\" \/>\n<meta property=\"article:modified_time\" content=\"2022-07-14T09:01:26+00:00\" \/>\n<meta property=\"og:image\" content=\"https:\/\/www.fresopolis-mallorca.com\/wp-content\/uploads\/2022\/07\/Animales-endemicos-de-Mallorca-el-sapo-partero-balear.jpg\" \/>\n\t<meta property=\"og:image:width\" content=\"1200\" \/>\n\t<meta property=\"og:image:height\" content=\"628\" \/>\n\t<meta property=\"og:image:type\" content=\"image\/jpeg\" \/>\n<meta name=\"author\" content=\"Simon Vetterli\" \/>\n<meta name=\"twitter:card\" content=\"summary_large_image\" \/>\n<meta name=\"twitter:title\" content=\"Animales end\u00e9micos de Mallorca - el sapo partero balear\" \/>\n<meta name=\"twitter:description\" content=\"El sapillo balear es end\u00e9mico de la Tramuntana en Mallorca. \u00bfC\u00f3mo est\u00e1 este animal protegido? \u00bfY qu\u00e9 es tan fascinante en este diminuto animal?\" \/>\n<meta name=\"twitter:image\" content=\"https:\/\/www.fresopolis-mallorca.com\/wp-content\/uploads\/2022\/07\/Animales-endemicos-de-Mallorca-el-sapo-partero-balear.jpg\" \/>\n<meta name=\"twitter:label1\" content=\"Escrito por\" \/>\n\t<meta name=\"twitter:data1\" content=\"Simon Vetterli\" \/>\n\t<meta name=\"twitter:label2\" content=\"Tiempo de lectura\" \/>\n\t<meta name=\"twitter:data2\" content=\"5 minutos\" \/>\n<script type=\"application\/ld+json\" class=\"yoast-schema-graph\">{\"@context\":\"https:\/\/schema.org\",\"@graph\":[{\"@type\":\"Article\",\"@id\":\"https:\/\/www.fresopolis-mallorca.com\/es\/animales-endemicos-de-mallorca-el-sapo-partero-balear\/#article\",\"isPartOf\":{\"@id\":\"https:\/\/www.fresopolis-mallorca.com\/es\/animales-endemicos-de-mallorca-el-sapo-partero-balear\/\"},\"author\":{\"name\":\"Simon Vetterli\",\"@id\":\"https:\/\/www.fresopolis-mallorca.com\/es\/#\/schema\/person\/3c35023a10330a130b53bdcff57008de\"},\"headline\":\"Animales end\u00e9micos de Mallorca &#8211; el sapo partero balear\",\"datePublished\":\"2022-07-04T07:11:34+00:00\",\"dateModified\":\"2022-07-14T09:01:26+00:00\",\"mainEntityOfPage\":{\"@id\":\"https:\/\/www.fresopolis-mallorca.com\/es\/animales-endemicos-de-mallorca-el-sapo-partero-balear\/\"},\"wordCount\":1035,\"commentCount\":0,\"publisher\":{\"@id\":\"https:\/\/www.fresopolis-mallorca.com\/es\/#organization\"},\"image\":{\"@id\":\"https:\/\/www.fresopolis-mallorca.com\/es\/animales-endemicos-de-mallorca-el-sapo-partero-balear\/#primaryimage\"},\"thumbnailUrl\":\"https:\/\/www.fresopolis-mallorca.com\/wp-content\/uploads\/2022\/07\/Animales-endemicos-de-Mallorca-el-sapo-partero-balear.jpg\",\"articleSection\":[\"Animales\",\"protecci\u00f3n animal\"],\"inLanguage\":\"es\",\"potentialAction\":[{\"@type\":\"CommentAction\",\"name\":\"Comment\",\"target\":[\"https:\/\/www.fresopolis-mallorca.com\/es\/animales-endemicos-de-mallorca-el-sapo-partero-balear\/#respond\"]}]},{\"@type\":\"WebPage\",\"@id\":\"https:\/\/www.fresopolis-mallorca.com\/es\/animales-endemicos-de-mallorca-el-sapo-partero-balear\/\",\"url\":\"https:\/\/www.fresopolis-mallorca.com\/es\/animales-endemicos-de-mallorca-el-sapo-partero-balear\/\",\"name\":\"Animales end\u00e9micos de Mallorca - el sapo partero balear\",\"isPartOf\":{\"@id\":\"https:\/\/www.fresopolis-mallorca.com\/es\/#website\"},\"primaryImageOfPage\":{\"@id\":\"https:\/\/www.fresopolis-mallorca.com\/es\/animales-endemicos-de-mallorca-el-sapo-partero-balear\/#primaryimage\"},\"image\":{\"@id\":\"https:\/\/www.fresopolis-mallorca.com\/es\/animales-endemicos-de-mallorca-el-sapo-partero-balear\/#primaryimage\"},\"thumbnailUrl\":\"https:\/\/www.fresopolis-mallorca.com\/wp-content\/uploads\/2022\/07\/Animales-endemicos-de-Mallorca-el-sapo-partero-balear.jpg\",\"datePublished\":\"2022-07-04T07:11:34+00:00\",\"dateModified\":\"2022-07-14T09:01:26+00:00\",\"description\":\"El sapillo balear es end\u00e9mico de la Tramuntana en Mallorca. \u00bfC\u00f3mo est\u00e1 este animal protegido? \u00bfY qu\u00e9 es tan fascinante en este diminuto animal?\",\"breadcrumb\":{\"@id\":\"https:\/\/www.fresopolis-mallorca.com\/es\/animales-endemicos-de-mallorca-el-sapo-partero-balear\/#breadcrumb\"},\"inLanguage\":\"es\",\"potentialAction\":[{\"@type\":\"ReadAction\",\"target\":[\"https:\/\/www.fresopolis-mallorca.com\/es\/animales-endemicos-de-mallorca-el-sapo-partero-balear\/\"]}]},{\"@type\":\"ImageObject\",\"inLanguage\":\"es\",\"@id\":\"https:\/\/www.fresopolis-mallorca.com\/es\/animales-endemicos-de-mallorca-el-sapo-partero-balear\/#primaryimage\",\"url\":\"https:\/\/www.fresopolis-mallorca.com\/wp-content\/uploads\/2022\/07\/Animales-endemicos-de-Mallorca-el-sapo-partero-balear.jpg\",\"contentUrl\":\"https:\/\/www.fresopolis-mallorca.com\/wp-content\/uploads\/2022\/07\/Animales-endemicos-de-Mallorca-el-sapo-partero-balear.jpg\",\"width\":1200,\"height\":628,\"caption\":\"Protecci\u00f3n de especies en Mallorca: la vida del ferreret\"},{\"@type\":\"BreadcrumbList\",\"@id\":\"https:\/\/www.fresopolis-mallorca.com\/es\/animales-endemicos-de-mallorca-el-sapo-partero-balear\/#breadcrumb\",\"itemListElement\":[{\"@type\":\"ListItem\",\"position\":1,\"name\":\"Home\",\"item\":\"https:\/\/www.fresopolis-mallorca.com\/es\/\"},{\"@type\":\"ListItem\",\"position\":2,\"name\":\"Animales end\u00e9micos de Mallorca &#8211; el sapo partero balear\"}]},{\"@type\":\"WebSite\",\"@id\":\"https:\/\/www.fresopolis-mallorca.com\/es\/#website\",\"url\":\"https:\/\/www.fresopolis-mallorca.com\/es\/\",\"name\":\"Fresopolis Mallorca\",\"description\":\"Our unique children\u2019s farm for families on Mallorca\",\"publisher\":{\"@id\":\"https:\/\/www.fresopolis-mallorca.com\/es\/#organization\"},\"potentialAction\":[{\"@type\":\"SearchAction\",\"target\":{\"@type\":\"EntryPoint\",\"urlTemplate\":\"https:\/\/www.fresopolis-mallorca.com\/es\/?s={search_term_string}\"},\"query-input\":{\"@type\":\"PropertyValueSpecification\",\"valueRequired\":true,\"valueName\":\"search_term_string\"}}],\"inLanguage\":\"es\"},{\"@type\":\"Organization\",\"@id\":\"https:\/\/www.fresopolis-mallorca.com\/es\/#organization\",\"name\":\"Fresopolis Mallorca\",\"url\":\"https:\/\/www.fresopolis-mallorca.com\/es\/\",\"logo\":{\"@type\":\"ImageObject\",\"inLanguage\":\"es\",\"@id\":\"https:\/\/www.fresopolis-mallorca.com\/es\/#\/schema\/logo\/image\/\",\"url\":\"https:\/\/www.fresopolis-mallorca.com\/wp-content\/uploads\/2022\/04\/Fresopolis-Mallorca-Family-Farm.jpg\",\"contentUrl\":\"https:\/\/www.fresopolis-mallorca.com\/wp-content\/uploads\/2022\/04\/Fresopolis-Mallorca-Family-Farm.jpg\",\"width\":784,\"height\":784,\"caption\":\"Fresopolis Mallorca\"},\"image\":{\"@id\":\"https:\/\/www.fresopolis-mallorca.com\/es\/#\/schema\/logo\/image\/\"},\"sameAs\":[\"https:\/\/www.facebook.com\/Fresopolis.Mallorca\",\"https:\/\/www.instagram.com\/fresopolis.mallorca\/\",\"https:\/\/www.youtube.com\/channel\/UCu9D6GxBDXUImkm7dihPyvg\"]},{\"@type\":\"Person\",\"@id\":\"https:\/\/www.fresopolis-mallorca.com\/es\/#\/schema\/person\/3c35023a10330a130b53bdcff57008de\",\"name\":\"Simon Vetterli\",\"image\":{\"@type\":\"ImageObject\",\"inLanguage\":\"es\",\"@id\":\"https:\/\/www.fresopolis-mallorca.com\/es\/#\/schema\/person\/image\/\",\"url\":\"https:\/\/secure.gravatar.com\/avatar\/937c4894d1edc684fd7d93b5f3c458292648a10573fb890c32c7195b78d42529?s=96&d=mm&r=g\",\"contentUrl\":\"https:\/\/secure.gravatar.com\/avatar\/937c4894d1edc684fd7d93b5f3c458292648a10573fb890c32c7195b78d42529?s=96&d=mm&r=g\",\"caption\":\"Simon Vetterli\"},\"url\":\"https:\/\/www.fresopolis-mallorca.com\/es\/author\/admsvetterli\/\"}]}<\/script>\n<!-- \/ Yoast SEO plugin. -->","yoast_head_json":{"title":"Animales end\u00e9micos de Mallorca - el sapo partero balear","description":"El sapillo balear es end\u00e9mico de la Tramuntana en Mallorca. \u00bfC\u00f3mo est\u00e1 este animal protegido? \u00bfY qu\u00e9 es tan fascinante en este diminuto animal?","robots":{"index":"index","follow":"follow","max-snippet":"max-snippet:-1","max-image-preview":"max-image-preview:large","max-video-preview":"max-video-preview:-1"},"canonical":"https:\/\/www.fresopolis-mallorca.com\/es\/animales-endemicos-de-mallorca-el-sapo-partero-balear\/","og_locale":"es_ES","og_type":"article","og_title":"Animales end\u00e9micos de Mallorca - el sapo partero balear","og_description":"El sapillo balear es end\u00e9mico de la Tramuntana en Mallorca. \u00bfC\u00f3mo est\u00e1 este animal protegido? \u00bfY qu\u00e9 es tan fascinante en este diminuto animal?","og_url":"https:\/\/www.fresopolis-mallorca.com\/es\/animales-endemicos-de-mallorca-el-sapo-partero-balear\/","og_site_name":"Fresopolis Mallorca","article_publisher":"https:\/\/www.facebook.com\/Fresopolis.Mallorca","article_published_time":"2022-07-04T07:11:34+00:00","article_modified_time":"2022-07-14T09:01:26+00:00","og_image":[{"width":1200,"height":628,"url":"https:\/\/www.fresopolis-mallorca.com\/wp-content\/uploads\/2022\/07\/Animales-endemicos-de-Mallorca-el-sapo-partero-balear.jpg","type":"image\/jpeg"}],"author":"Simon Vetterli","twitter_card":"summary_large_image","twitter_title":"Animales end\u00e9micos de Mallorca - el sapo partero balear","twitter_description":"El sapillo balear es end\u00e9mico de la Tramuntana en Mallorca. \u00bfC\u00f3mo est\u00e1 este animal protegido? \u00bfY qu\u00e9 es tan fascinante en este diminuto animal?","twitter_image":"https:\/\/www.fresopolis-mallorca.com\/wp-content\/uploads\/2022\/07\/Animales-endemicos-de-Mallorca-el-sapo-partero-balear.jpg","twitter_misc":{"Escrito por":"Simon Vetterli","Tiempo de lectura":"5 minutos"},"schema":{"@context":"https:\/\/schema.org","@graph":[{"@type":"Article","@id":"https:\/\/www.fresopolis-mallorca.com\/es\/animales-endemicos-de-mallorca-el-sapo-partero-balear\/#article","isPartOf":{"@id":"https:\/\/www.fresopolis-mallorca.com\/es\/animales-endemicos-de-mallorca-el-sapo-partero-balear\/"},"author":{"name":"Simon Vetterli","@id":"https:\/\/www.fresopolis-mallorca.com\/es\/#\/schema\/person\/3c35023a10330a130b53bdcff57008de"},"headline":"Animales end\u00e9micos de Mallorca &#8211; el sapo partero balear","datePublished":"2022-07-04T07:11:34+00:00","dateModified":"2022-07-14T09:01:26+00:00","mainEntityOfPage":{"@id":"https:\/\/www.fresopolis-mallorca.com\/es\/animales-endemicos-de-mallorca-el-sapo-partero-balear\/"},"wordCount":1035,"commentCount":0,"publisher":{"@id":"https:\/\/www.fresopolis-mallorca.com\/es\/#organization"},"image":{"@id":"https:\/\/www.fresopolis-mallorca.com\/es\/animales-endemicos-de-mallorca-el-sapo-partero-balear\/#primaryimage"},"thumbnailUrl":"https:\/\/www.fresopolis-mallorca.com\/wp-content\/uploads\/2022\/07\/Animales-endemicos-de-Mallorca-el-sapo-partero-balear.jpg","articleSection":["Animales","protecci\u00f3n animal"],"inLanguage":"es","potentialAction":[{"@type":"CommentAction","name":"Comment","target":["https:\/\/www.fresopolis-mallorca.com\/es\/animales-endemicos-de-mallorca-el-sapo-partero-balear\/#respond"]}]},{"@type":"WebPage","@id":"https:\/\/www.fresopolis-mallorca.com\/es\/animales-endemicos-de-mallorca-el-sapo-partero-balear\/","url":"https:\/\/www.fresopolis-mallorca.com\/es\/animales-endemicos-de-mallorca-el-sapo-partero-balear\/","name":"Animales end\u00e9micos de Mallorca - el sapo partero balear","isPartOf":{"@id":"https:\/\/www.fresopolis-mallorca.com\/es\/#website"},"primaryImageOfPage":{"@id":"https:\/\/www.fresopolis-mallorca.com\/es\/animales-endemicos-de-mallorca-el-sapo-partero-balear\/#primaryimage"},"image":{"@id":"https:\/\/www.fresopolis-mallorca.com\/es\/animales-endemicos-de-mallorca-el-sapo-partero-balear\/#primaryimage"},"thumbnailUrl":"https:\/\/www.fresopolis-mallorca.com\/wp-content\/uploads\/2022\/07\/Animales-endemicos-de-Mallorca-el-sapo-partero-balear.jpg","datePublished":"2022-07-04T07:11:34+00:00","dateModified":"2022-07-14T09:01:26+00:00","description":"El sapillo balear es end\u00e9mico de la Tramuntana en Mallorca. \u00bfC\u00f3mo est\u00e1 este animal protegido? \u00bfY qu\u00e9 es tan fascinante en este diminuto animal?","breadcrumb":{"@id":"https:\/\/www.fresopolis-mallorca.com\/es\/animales-endemicos-de-mallorca-el-sapo-partero-balear\/#breadcrumb"},"inLanguage":"es","potentialAction":[{"@type":"ReadAction","target":["https:\/\/www.fresopolis-mallorca.com\/es\/animales-endemicos-de-mallorca-el-sapo-partero-balear\/"]}]},{"@type":"ImageObject","inLanguage":"es","@id":"https:\/\/www.fresopolis-mallorca.com\/es\/animales-endemicos-de-mallorca-el-sapo-partero-balear\/#primaryimage","url":"https:\/\/www.fresopolis-mallorca.com\/wp-content\/uploads\/2022\/07\/Animales-endemicos-de-Mallorca-el-sapo-partero-balear.jpg","contentUrl":"https:\/\/www.fresopolis-mallorca.com\/wp-content\/uploads\/2022\/07\/Animales-endemicos-de-Mallorca-el-sapo-partero-balear.jpg","width":1200,"height":628,"caption":"Protecci\u00f3n de especies en Mallorca: la vida del ferreret"},{"@type":"BreadcrumbList","@id":"https:\/\/www.fresopolis-mallorca.com\/es\/animales-endemicos-de-mallorca-el-sapo-partero-balear\/#breadcrumb","itemListElement":[{"@type":"ListItem","position":1,"name":"Home","item":"https:\/\/www.fresopolis-mallorca.com\/es\/"},{"@type":"ListItem","position":2,"name":"Animales end\u00e9micos de Mallorca &#8211; el sapo partero balear"}]},{"@type":"WebSite","@id":"https:\/\/www.fresopolis-mallorca.com\/es\/#website","url":"https:\/\/www.fresopolis-mallorca.com\/es\/","name":"Fresopolis Mallorca","description":"Our unique children\u2019s farm for families on Mallorca","publisher":{"@id":"https:\/\/www.fresopolis-mallorca.com\/es\/#organization"},"potentialAction":[{"@type":"SearchAction","target":{"@type":"EntryPoint","urlTemplate":"https:\/\/www.fresopolis-mallorca.com\/es\/?s={search_term_string}"},"query-input":{"@type":"PropertyValueSpecification","valueRequired":true,"valueName":"search_term_string"}}],"inLanguage":"es"},{"@type":"Organization","@id":"https:\/\/www.fresopolis-mallorca.com\/es\/#organization","name":"Fresopolis Mallorca","url":"https:\/\/www.fresopolis-mallorca.com\/es\/","logo":{"@type":"ImageObject","inLanguage":"es","@id":"https:\/\/www.fresopolis-mallorca.com\/es\/#\/schema\/logo\/image\/","url":"https:\/\/www.fresopolis-mallorca.com\/wp-content\/uploads\/2022\/04\/Fresopolis-Mallorca-Family-Farm.jpg","contentUrl":"https:\/\/www.fresopolis-mallorca.com\/wp-content\/uploads\/2022\/04\/Fresopolis-Mallorca-Family-Farm.jpg","width":784,"height":784,"caption":"Fresopolis Mallorca"},"image":{"@id":"https:\/\/www.fresopolis-mallorca.com\/es\/#\/schema\/logo\/image\/"},"sameAs":["https:\/\/www.facebook.com\/Fresopolis.Mallorca","https:\/\/www.instagram.com\/fresopolis.mallorca\/","https:\/\/www.youtube.com\/channel\/UCu9D6GxBDXUImkm7dihPyvg"]},{"@type":"Person","@id":"https:\/\/www.fresopolis-mallorca.com\/es\/#\/schema\/person\/3c35023a10330a130b53bdcff57008de","name":"Simon Vetterli","image":{"@type":"ImageObject","inLanguage":"es","@id":"https:\/\/www.fresopolis-mallorca.com\/es\/#\/schema\/person\/image\/","url":"https:\/\/secure.gravatar.com\/avatar\/937c4894d1edc684fd7d93b5f3c458292648a10573fb890c32c7195b78d42529?s=96&d=mm&r=g","contentUrl":"https:\/\/secure.gravatar.com\/avatar\/937c4894d1edc684fd7d93b5f3c458292648a10573fb890c32c7195b78d42529?s=96&d=mm&r=g","caption":"Simon Vetterli"},"url":"https:\/\/www.fresopolis-mallorca.com\/es\/author\/admsvetterli\/"}]}},"_links":{"self":[{"href":"https:\/\/www.fresopolis-mallorca.com\/es\/wp-json\/wp\/v2\/posts\/20699","targetHints":{"allow":["GET"]}}],"collection":[{"href":"https:\/\/www.fresopolis-mallorca.com\/es\/wp-json\/wp\/v2\/posts"}],"about":[{"href":"https:\/\/www.fresopolis-mallorca.com\/es\/wp-json\/wp\/v2\/types\/post"}],"author":[{"embeddable":true,"href":"https:\/\/www.fresopolis-mallorca.com\/es\/wp-json\/wp\/v2\/users\/50"}],"replies":[{"embeddable":true,"href":"https:\/\/www.fresopolis-mallorca.com\/es\/wp-json\/wp\/v2\/comments?post=20699"}],"version-history":[{"count":0,"href":"https:\/\/www.fresopolis-mallorca.com\/es\/wp-json\/wp\/v2\/posts\/20699\/revisions"}],"wp:featuredmedia":[{"embeddable":true,"href":"https:\/\/www.fresopolis-mallorca.com\/es\/wp-json\/wp\/v2\/media\/20702"}],"wp:attachment":[{"href":"https:\/\/www.fresopolis-mallorca.com\/es\/wp-json\/wp\/v2\/media?parent=20699"}],"wp:term":[{"taxonomy":"category","embeddable":true,"href":"https:\/\/www.fresopolis-mallorca.com\/es\/wp-json\/wp\/v2\/categories?post=20699"},{"taxonomy":"post_tag","embeddable":true,"href":"https:\/\/www.fresopolis-mallorca.com\/es\/wp-json\/wp\/v2\/tags?post=20699"}],"curies":[{"name":"wp","href":"https:\/\/api.w.org\/{rel}","templated":true}]}}