{"id":21281,"date":"2022-09-22T07:40:05","date_gmt":"2022-09-22T05:40:05","guid":{"rendered":"https:\/\/www.fresopolis-mallorca.com\/receta-de-compota-de-fresas-y-ruibarbo\/"},"modified":"2022-09-22T11:50:44","modified_gmt":"2022-09-22T09:50:44","slug":"receta-de-compota-de-fresas-y-ruibarbo","status":"publish","type":"post","link":"https:\/\/www.fresopolis-mallorca.com\/es\/receta-de-compota-de-fresas-y-ruibarbo\/","title":{"rendered":"Receta de compota de fresas y ruibarbo"},"content":{"rendered":"<p>Al tratarse de una verdura poco cultivada en territorio espa\u00f1ol, son muchos los que no saben qu\u00e9 es el ruibarbo. Pero una vez probada una mermelada o una compota elaborada con sus tallos, cualquiera se enamora de su sabor. Proveniente de China e introducido en Europa en el siglo XIV por la Ruta de la Seda, hoy d\u00eda el ruibarbo es la base de cantidad de postres populares en diversos pa\u00edses centroeuropeos. Tambi\u00e9n combina estupendamente con flan o salsa de vainilla -\u00a1 y no solo por su efecto visual..! \u00a1Prueba nuestra deliciosa receta de compota de fresas y ruibarbo!<\/p>\n<p><img loading=\"lazy\" decoding=\"async\" class=\"myresponsive aligncenter wp-image-21293 size-full\" title=\"\u00bfD\u00f3nde puedo conseguir ruibarbo fresco en Mallorca? \u00bfY d\u00f3nde crecen las mejores fresas?\" src=\"https:\/\/www.fresopolis-mallorca.com\/wp-content\/uploads\/2022\/09\/Donde-puedo-conseguir-ruibarbo-fresco-en-Mallorca.jpg\" alt=\"\u00bfD\u00f3nde puedo conseguir ruibarbo fresco en Mallorca? \u00bfY d\u00f3nde crecen las mejores fresas?\" width=\"1200\" height=\"800\" srcset=\"https:\/\/www.fresopolis-mallorca.com\/wp-content\/uploads\/2022\/09\/Donde-puedo-conseguir-ruibarbo-fresco-en-Mallorca.jpg 1200w, https:\/\/www.fresopolis-mallorca.com\/wp-content\/uploads\/2022\/09\/Donde-puedo-conseguir-ruibarbo-fresco-en-Mallorca-300x200.jpg 300w, https:\/\/www.fresopolis-mallorca.com\/wp-content\/uploads\/2022\/09\/Donde-puedo-conseguir-ruibarbo-fresco-en-Mallorca-1024x683.jpg 1024w, https:\/\/www.fresopolis-mallorca.com\/wp-content\/uploads\/2022\/09\/Donde-puedo-conseguir-ruibarbo-fresco-en-Mallorca-200x133.jpg 200w, https:\/\/www.fresopolis-mallorca.com\/wp-content\/uploads\/2022\/09\/Donde-puedo-conseguir-ruibarbo-fresco-en-Mallorca-600x400.jpg 600w\" sizes=\"auto, (max-width: 1200px) 100vw, 1200px\" \/><\/p>\n<h2>\u00bfD\u00f3nde puedo conseguir ruibarbo fresco en Mallorca? \u00bfY d\u00f3nde crecen las mejores fresas?<\/h2>\n<p>\u00a1Buena pregunta! Y es que, como ya hemos mencionado, el ruibarbo no es una verdura muy com\u00fan en Espa\u00f1a. S\u00ed encontrar\u00e1s cantidad de recetas en la red, pero raras veces se promociona su venta. \u00a1Qu\u00e9 suerte si est\u00e1s en Mallorca! En nuestra granja FRESOPOLIS cerca de Palma lo cultivamos de forma ecol\u00f3gica junto a nuestros campos de fresa.<br \/>\nEl momento ideal para cosechar el ruibarbo de nuestro cultivo ecol\u00f3gico es justo antes de que comience el verano. Lo dejamos en el campo hasta que vengas a pedirlo en nuestra tienda de la granja, y te cortamos la cantidad de tallos que necesites para tu receta. Y ya de paso podr\u00e1s disfrutar de recolectar nuestras riqu\u00edsimas fresas directamente de nuestros cultivos. Un peque\u00f1o consejo para nuestras fresas: \u00a1no te olvides de picar mientras cosechas!<\/p>\n<p>Y como nos gusta tanto la compota de ruibarbo, el equipo de FRESOPOLIS tiene su propia receta especial. Es f\u00e1cil de preparar y s\u00faper rico &#8211; \u00a1pru\u00e9bala!<\/p>\n<p><img loading=\"lazy\" decoding=\"async\" class=\"myresponsive aligncenter wp-image-21296 size-full\" title=\"Aqu\u00ed tienes nuestra receta FRESOPOLIS de compota de fresas y ruibarbo\" src=\"https:\/\/www.fresopolis-mallorca.com\/wp-content\/uploads\/2022\/09\/Aqui-tienes-nuestra-receta-FRESOPOLIS-de-compota-de-fresas-y-ruibarbo.jpg\" alt=\"Aqu\u00ed tienes nuestra receta FRESOPOLIS de compota de fresas y ruibarbo\" width=\"1200\" height=\"800\" srcset=\"https:\/\/www.fresopolis-mallorca.com\/wp-content\/uploads\/2022\/09\/Aqui-tienes-nuestra-receta-FRESOPOLIS-de-compota-de-fresas-y-ruibarbo.jpg 1200w, https:\/\/www.fresopolis-mallorca.com\/wp-content\/uploads\/2022\/09\/Aqui-tienes-nuestra-receta-FRESOPOLIS-de-compota-de-fresas-y-ruibarbo-300x200.jpg 300w, https:\/\/www.fresopolis-mallorca.com\/wp-content\/uploads\/2022\/09\/Aqui-tienes-nuestra-receta-FRESOPOLIS-de-compota-de-fresas-y-ruibarbo-1024x683.jpg 1024w, https:\/\/www.fresopolis-mallorca.com\/wp-content\/uploads\/2022\/09\/Aqui-tienes-nuestra-receta-FRESOPOLIS-de-compota-de-fresas-y-ruibarbo-200x133.jpg 200w, https:\/\/www.fresopolis-mallorca.com\/wp-content\/uploads\/2022\/09\/Aqui-tienes-nuestra-receta-FRESOPOLIS-de-compota-de-fresas-y-ruibarbo-600x400.jpg 600w\" sizes=\"auto, (max-width: 1200px) 100vw, 1200px\" \/><\/p>\n<h2>Aqu\u00ed tienes nuestra receta FRESOPOLIS de compota de fresas y ruibarbo<\/h2>\n<p><strong>Para 2 porciones necesitar\u00e1s:<\/strong><\/p>\n<ul>\n<li>1.000 kg de fresas<\/li>\n<li>1.200 g de ruibarbo<\/li>\n<li>2 paquetes de az\u00facar de vainilla<\/li>\n<li>2 limones (\u00a1org\u00e1nicos!)<\/li>\n<li>300 de az\u00facar<\/li>\n<li>100 ml de agua<\/li>\n<li>2 vainas de vainilla (o 1 cucharadita de vainilla Bourbon)<\/li>\n<li>30 g de harina de ma\u00edz<\/li>\n<\/ul>\n<p><strong>Preparaci\u00f3n:<\/strong><\/p>\n<ol>\n<li>Lavar las fresas, escurrirlas y cortarlas en dados.<\/li>\n<li>Limpiar el ruibarbo y cortarlo en cubos grandes (aproximadamente 1 x 1 cm).<\/li>\n<li>Mezclar el ruibarbo con el az\u00facar de vainilla en un bol.<\/li>\n<li>Lavar y secar los limones. Rayar la c\u00e1scara y a\u00f1adirla al ruibarbo.<\/li>\n<li>Llevar a ebullici\u00f3n el az\u00facar y el agua en un cazo y dejar que se caramelice ligeramente. Antes de que el az\u00facar se vuelva marr\u00f3n, a\u00f1ade el ruibarbo y remueve bien.<\/li>\n<li>Cortar las vainas de vainilla por la mitad a lo largo y raspar la m\u00e9dula con un cuchillo. A\u00f1adir la pulpa al ruibarbo. Si no dispone de vainas de vainilla, puede sustituirla por 1 cucharadita de aroma de vainilla. Cocer a fuego lento durante m\u00e1ximo 10 minutos, removiendo de vez en cuando.<\/li>\n<li>Exprime el lim\u00f3n. Mezcla la harina de ma\u00edz con el zumo de lim\u00f3n y a\u00f1ade el ruibarbo.<\/li>\n<li>Retirar la sart\u00e9n del fuego y dejarla enfriar.<\/li>\n<li>A\u00f1adir las fresas y dejar en el frigor\u00edfico durante al menos media hora.<\/li>\n<\/ol>\n<p><em><strong>Y ahora &#8211; \u00a1buen provecho y a disfrutar!<\/strong><\/em><\/p>\n","protected":false},"excerpt":{"rendered":"<p>Al tratarse de una verdura poco cultivada en territorio espa\u00f1ol, son muchos los que no saben qu\u00e9 es el ruibarbo. Pero una vez probada una mermelada o una compota elaborada con sus tallos, cualquiera se enamora de su sabor. Proveniente de China e introducido en Europa en el siglo XIV por la Ruta de la&#8230;<\/p>\n","protected":false},"author":50,"featured_media":21300,"comment_status":"open","ping_status":"open","sticky":false,"template":"","format":"standard","meta":{"inline_featured_image":false,"mc4wp_mailchimp_campaign":[],"footnotes":""},"categories":[180],"tags":[],"class_list":["post-21281","post","type-post","status-publish","format-standard","has-post-thumbnail","hentry","category-recetas"],"yoast_head":"<!-- This site is optimized with the Yoast SEO plugin v27.5 - https:\/\/yoast.com\/product\/yoast-seo-wordpress\/ -->\n<title>Receta de compota de fresas y ruibarbo<\/title>\n<meta name=\"description\" content=\"La compota de ruibarbo es un postre muy popular en Centroeuropa. Prueba nuestra deliciosa y f\u00e1cil receta con fresas frescas\" \/>\n<meta name=\"robots\" content=\"index, follow, max-snippet:-1, max-image-preview:large, max-video-preview:-1\" \/>\n<link rel=\"canonical\" href=\"https:\/\/www.fresopolis-mallorca.com\/es\/receta-de-compota-de-fresas-y-ruibarbo\/\" \/>\n<meta property=\"og:locale\" content=\"es_ES\" \/>\n<meta property=\"og:type\" content=\"article\" \/>\n<meta property=\"og:title\" content=\"Receta de compota de fresas y ruibarbo\" \/>\n<meta property=\"og:description\" content=\"La compota de ruibarbo es un postre muy popular en Centroeuropa. Prueba nuestra deliciosa y f\u00e1cil receta con fresas frescas\" \/>\n<meta property=\"og:url\" content=\"https:\/\/www.fresopolis-mallorca.com\/es\/receta-de-compota-de-fresas-y-ruibarbo\/\" \/>\n<meta property=\"og:site_name\" content=\"Fresopolis Mallorca\" \/>\n<meta property=\"article:publisher\" content=\"https:\/\/www.facebook.com\/Fresopolis.Mallorca\" \/>\n<meta property=\"article:published_time\" content=\"2022-09-22T05:40:05+00:00\" \/>\n<meta property=\"article:modified_time\" content=\"2022-09-22T09:50:44+00:00\" \/>\n<meta property=\"og:image\" content=\"https:\/\/www.fresopolis-mallorca.com\/wp-content\/uploads\/2022\/09\/Receta-de-compota-de-fresas-y-ruibarbo.jpg\" \/>\n\t<meta property=\"og:image:width\" content=\"1200\" \/>\n\t<meta property=\"og:image:height\" content=\"628\" \/>\n\t<meta property=\"og:image:type\" content=\"image\/jpeg\" \/>\n<meta name=\"author\" content=\"Simon Vetterli\" \/>\n<meta name=\"twitter:card\" content=\"summary_large_image\" \/>\n<meta name=\"twitter:title\" content=\"Receta de compota de fresas y ruibarbo\" \/>\n<meta name=\"twitter:description\" content=\"La compota de ruibarbo es un postre muy popular en Centroeuropa. Prueba nuestra deliciosa y f\u00e1cil receta con fresas frescas\" \/>\n<meta name=\"twitter:image\" content=\"https:\/\/www.fresopolis-mallorca.com\/wp-content\/uploads\/2022\/09\/Receta-de-compota-de-fresas-y-ruibarbo.jpg\" \/>\n<meta name=\"twitter:label1\" content=\"Escrito por\" \/>\n\t<meta name=\"twitter:data1\" content=\"Simon Vetterli\" \/>\n\t<meta name=\"twitter:label2\" content=\"Tiempo de lectura\" \/>\n\t<meta name=\"twitter:data2\" content=\"3 minutos\" \/>\n<script type=\"application\/ld+json\" class=\"yoast-schema-graph\">{\"@context\":\"https:\\\/\\\/schema.org\",\"@graph\":[{\"@type\":\"Article\",\"@id\":\"https:\\\/\\\/www.fresopolis-mallorca.com\\\/es\\\/receta-de-compota-de-fresas-y-ruibarbo\\\/#article\",\"isPartOf\":{\"@id\":\"https:\\\/\\\/www.fresopolis-mallorca.com\\\/es\\\/receta-de-compota-de-fresas-y-ruibarbo\\\/\"},\"author\":{\"name\":\"Simon Vetterli\",\"@id\":\"https:\\\/\\\/www.fresopolis-mallorca.com\\\/es\\\/#\\\/schema\\\/person\\\/3c35023a10330a130b53bdcff57008de\"},\"headline\":\"Receta de compota de fresas y ruibarbo\",\"datePublished\":\"2022-09-22T05:40:05+00:00\",\"dateModified\":\"2022-09-22T09:50:44+00:00\",\"mainEntityOfPage\":{\"@id\":\"https:\\\/\\\/www.fresopolis-mallorca.com\\\/es\\\/receta-de-compota-de-fresas-y-ruibarbo\\\/\"},\"wordCount\":536,\"commentCount\":0,\"publisher\":{\"@id\":\"https:\\\/\\\/www.fresopolis-mallorca.com\\\/es\\\/#organization\"},\"image\":{\"@id\":\"https:\\\/\\\/www.fresopolis-mallorca.com\\\/es\\\/receta-de-compota-de-fresas-y-ruibarbo\\\/#primaryimage\"},\"thumbnailUrl\":\"https:\\\/\\\/www.fresopolis-mallorca.com\\\/wp-content\\\/uploads\\\/2022\\\/09\\\/Receta-de-compota-de-fresas-y-ruibarbo.jpg\",\"articleSection\":[\"Recetas\"],\"inLanguage\":\"es\",\"potentialAction\":[{\"@type\":\"CommentAction\",\"name\":\"Comment\",\"target\":[\"https:\\\/\\\/www.fresopolis-mallorca.com\\\/es\\\/receta-de-compota-de-fresas-y-ruibarbo\\\/#respond\"]}]},{\"@type\":\"WebPage\",\"@id\":\"https:\\\/\\\/www.fresopolis-mallorca.com\\\/es\\\/receta-de-compota-de-fresas-y-ruibarbo\\\/\",\"url\":\"https:\\\/\\\/www.fresopolis-mallorca.com\\\/es\\\/receta-de-compota-de-fresas-y-ruibarbo\\\/\",\"name\":\"Receta de compota de fresas y ruibarbo\",\"isPartOf\":{\"@id\":\"https:\\\/\\\/www.fresopolis-mallorca.com\\\/es\\\/#website\"},\"primaryImageOfPage\":{\"@id\":\"https:\\\/\\\/www.fresopolis-mallorca.com\\\/es\\\/receta-de-compota-de-fresas-y-ruibarbo\\\/#primaryimage\"},\"image\":{\"@id\":\"https:\\\/\\\/www.fresopolis-mallorca.com\\\/es\\\/receta-de-compota-de-fresas-y-ruibarbo\\\/#primaryimage\"},\"thumbnailUrl\":\"https:\\\/\\\/www.fresopolis-mallorca.com\\\/wp-content\\\/uploads\\\/2022\\\/09\\\/Receta-de-compota-de-fresas-y-ruibarbo.jpg\",\"datePublished\":\"2022-09-22T05:40:05+00:00\",\"dateModified\":\"2022-09-22T09:50:44+00:00\",\"description\":\"La compota de ruibarbo es un postre muy popular en Centroeuropa. Prueba nuestra deliciosa y f\u00e1cil receta con fresas frescas\",\"breadcrumb\":{\"@id\":\"https:\\\/\\\/www.fresopolis-mallorca.com\\\/es\\\/receta-de-compota-de-fresas-y-ruibarbo\\\/#breadcrumb\"},\"inLanguage\":\"es\",\"potentialAction\":[{\"@type\":\"ReadAction\",\"target\":[\"https:\\\/\\\/www.fresopolis-mallorca.com\\\/es\\\/receta-de-compota-de-fresas-y-ruibarbo\\\/\"]}]},{\"@type\":\"ImageObject\",\"inLanguage\":\"es\",\"@id\":\"https:\\\/\\\/www.fresopolis-mallorca.com\\\/es\\\/receta-de-compota-de-fresas-y-ruibarbo\\\/#primaryimage\",\"url\":\"https:\\\/\\\/www.fresopolis-mallorca.com\\\/wp-content\\\/uploads\\\/2022\\\/09\\\/Receta-de-compota-de-fresas-y-ruibarbo.jpg\",\"contentUrl\":\"https:\\\/\\\/www.fresopolis-mallorca.com\\\/wp-content\\\/uploads\\\/2022\\\/09\\\/Receta-de-compota-de-fresas-y-ruibarbo.jpg\",\"width\":1200,\"height\":628,\"caption\":\"La compota de ruibarbo es un postre muy popular en Centroeuropa. Prueba nuestra deliciosa y f\u00e1cil receta con fresas frescas\"},{\"@type\":\"BreadcrumbList\",\"@id\":\"https:\\\/\\\/www.fresopolis-mallorca.com\\\/es\\\/receta-de-compota-de-fresas-y-ruibarbo\\\/#breadcrumb\",\"itemListElement\":[{\"@type\":\"ListItem\",\"position\":1,\"name\":\"Home\",\"item\":\"https:\\\/\\\/www.fresopolis-mallorca.com\\\/es\\\/\"},{\"@type\":\"ListItem\",\"position\":2,\"name\":\"Receta de compota de fresas y ruibarbo\"}]},{\"@type\":\"WebSite\",\"@id\":\"https:\\\/\\\/www.fresopolis-mallorca.com\\\/es\\\/#website\",\"url\":\"https:\\\/\\\/www.fresopolis-mallorca.com\\\/es\\\/\",\"name\":\"Fresopolis Mallorca\",\"description\":\"Our unique children\u2019s farm for families on Mallorca\",\"publisher\":{\"@id\":\"https:\\\/\\\/www.fresopolis-mallorca.com\\\/es\\\/#organization\"},\"potentialAction\":[{\"@type\":\"SearchAction\",\"target\":{\"@type\":\"EntryPoint\",\"urlTemplate\":\"https:\\\/\\\/www.fresopolis-mallorca.com\\\/es\\\/?s={search_term_string}\"},\"query-input\":{\"@type\":\"PropertyValueSpecification\",\"valueRequired\":true,\"valueName\":\"search_term_string\"}}],\"inLanguage\":\"es\"},{\"@type\":\"Organization\",\"@id\":\"https:\\\/\\\/www.fresopolis-mallorca.com\\\/es\\\/#organization\",\"name\":\"Fresopolis Mallorca\",\"url\":\"https:\\\/\\\/www.fresopolis-mallorca.com\\\/es\\\/\",\"logo\":{\"@type\":\"ImageObject\",\"inLanguage\":\"es\",\"@id\":\"https:\\\/\\\/www.fresopolis-mallorca.com\\\/es\\\/#\\\/schema\\\/logo\\\/image\\\/\",\"url\":\"https:\\\/\\\/www.fresopolis-mallorca.com\\\/wp-content\\\/uploads\\\/2022\\\/04\\\/Fresopolis-Mallorca-Family-Farm.jpg\",\"contentUrl\":\"https:\\\/\\\/www.fresopolis-mallorca.com\\\/wp-content\\\/uploads\\\/2022\\\/04\\\/Fresopolis-Mallorca-Family-Farm.jpg\",\"width\":784,\"height\":784,\"caption\":\"Fresopolis Mallorca\"},\"image\":{\"@id\":\"https:\\\/\\\/www.fresopolis-mallorca.com\\\/es\\\/#\\\/schema\\\/logo\\\/image\\\/\"},\"sameAs\":[\"https:\\\/\\\/www.facebook.com\\\/Fresopolis.Mallorca\",\"https:\\\/\\\/www.instagram.com\\\/fresopolis.mallorca\\\/\",\"https:\\\/\\\/www.youtube.com\\\/channel\\\/UCu9D6GxBDXUImkm7dihPyvg\"]},{\"@type\":\"Person\",\"@id\":\"https:\\\/\\\/www.fresopolis-mallorca.com\\\/es\\\/#\\\/schema\\\/person\\\/3c35023a10330a130b53bdcff57008de\",\"name\":\"Simon Vetterli\",\"image\":{\"@type\":\"ImageObject\",\"inLanguage\":\"es\",\"@id\":\"https:\\\/\\\/secure.gravatar.com\\\/avatar\\\/937c4894d1edc684fd7d93b5f3c458292648a10573fb890c32c7195b78d42529?s=96&d=mm&r=g\",\"url\":\"https:\\\/\\\/secure.gravatar.com\\\/avatar\\\/937c4894d1edc684fd7d93b5f3c458292648a10573fb890c32c7195b78d42529?s=96&d=mm&r=g\",\"contentUrl\":\"https:\\\/\\\/secure.gravatar.com\\\/avatar\\\/937c4894d1edc684fd7d93b5f3c458292648a10573fb890c32c7195b78d42529?s=96&d=mm&r=g\",\"caption\":\"Simon Vetterli\"},\"url\":\"https:\\\/\\\/www.fresopolis-mallorca.com\\\/es\\\/author\\\/admsvetterli\\\/\"}]}<\/script>\n<!-- \/ Yoast SEO plugin. -->","yoast_head_json":{"title":"Receta de compota de fresas y ruibarbo","description":"La compota de ruibarbo es un postre muy popular en Centroeuropa. Prueba nuestra deliciosa y f\u00e1cil receta con fresas frescas","robots":{"index":"index","follow":"follow","max-snippet":"max-snippet:-1","max-image-preview":"max-image-preview:large","max-video-preview":"max-video-preview:-1"},"canonical":"https:\/\/www.fresopolis-mallorca.com\/es\/receta-de-compota-de-fresas-y-ruibarbo\/","og_locale":"es_ES","og_type":"article","og_title":"Receta de compota de fresas y ruibarbo","og_description":"La compota de ruibarbo es un postre muy popular en Centroeuropa. Prueba nuestra deliciosa y f\u00e1cil receta con fresas frescas","og_url":"https:\/\/www.fresopolis-mallorca.com\/es\/receta-de-compota-de-fresas-y-ruibarbo\/","og_site_name":"Fresopolis Mallorca","article_publisher":"https:\/\/www.facebook.com\/Fresopolis.Mallorca","article_published_time":"2022-09-22T05:40:05+00:00","article_modified_time":"2022-09-22T09:50:44+00:00","og_image":[{"width":1200,"height":628,"url":"https:\/\/www.fresopolis-mallorca.com\/wp-content\/uploads\/2022\/09\/Receta-de-compota-de-fresas-y-ruibarbo.jpg","type":"image\/jpeg"}],"author":"Simon Vetterli","twitter_card":"summary_large_image","twitter_title":"Receta de compota de fresas y ruibarbo","twitter_description":"La compota de ruibarbo es un postre muy popular en Centroeuropa. Prueba nuestra deliciosa y f\u00e1cil receta con fresas frescas","twitter_image":"https:\/\/www.fresopolis-mallorca.com\/wp-content\/uploads\/2022\/09\/Receta-de-compota-de-fresas-y-ruibarbo.jpg","twitter_misc":{"Escrito por":"Simon Vetterli","Tiempo de lectura":"3 minutos"},"schema":{"@context":"https:\/\/schema.org","@graph":[{"@type":"Article","@id":"https:\/\/www.fresopolis-mallorca.com\/es\/receta-de-compota-de-fresas-y-ruibarbo\/#article","isPartOf":{"@id":"https:\/\/www.fresopolis-mallorca.com\/es\/receta-de-compota-de-fresas-y-ruibarbo\/"},"author":{"name":"Simon Vetterli","@id":"https:\/\/www.fresopolis-mallorca.com\/es\/#\/schema\/person\/3c35023a10330a130b53bdcff57008de"},"headline":"Receta de compota de fresas y ruibarbo","datePublished":"2022-09-22T05:40:05+00:00","dateModified":"2022-09-22T09:50:44+00:00","mainEntityOfPage":{"@id":"https:\/\/www.fresopolis-mallorca.com\/es\/receta-de-compota-de-fresas-y-ruibarbo\/"},"wordCount":536,"commentCount":0,"publisher":{"@id":"https:\/\/www.fresopolis-mallorca.com\/es\/#organization"},"image":{"@id":"https:\/\/www.fresopolis-mallorca.com\/es\/receta-de-compota-de-fresas-y-ruibarbo\/#primaryimage"},"thumbnailUrl":"https:\/\/www.fresopolis-mallorca.com\/wp-content\/uploads\/2022\/09\/Receta-de-compota-de-fresas-y-ruibarbo.jpg","articleSection":["Recetas"],"inLanguage":"es","potentialAction":[{"@type":"CommentAction","name":"Comment","target":["https:\/\/www.fresopolis-mallorca.com\/es\/receta-de-compota-de-fresas-y-ruibarbo\/#respond"]}]},{"@type":"WebPage","@id":"https:\/\/www.fresopolis-mallorca.com\/es\/receta-de-compota-de-fresas-y-ruibarbo\/","url":"https:\/\/www.fresopolis-mallorca.com\/es\/receta-de-compota-de-fresas-y-ruibarbo\/","name":"Receta de compota de fresas y ruibarbo","isPartOf":{"@id":"https:\/\/www.fresopolis-mallorca.com\/es\/#website"},"primaryImageOfPage":{"@id":"https:\/\/www.fresopolis-mallorca.com\/es\/receta-de-compota-de-fresas-y-ruibarbo\/#primaryimage"},"image":{"@id":"https:\/\/www.fresopolis-mallorca.com\/es\/receta-de-compota-de-fresas-y-ruibarbo\/#primaryimage"},"thumbnailUrl":"https:\/\/www.fresopolis-mallorca.com\/wp-content\/uploads\/2022\/09\/Receta-de-compota-de-fresas-y-ruibarbo.jpg","datePublished":"2022-09-22T05:40:05+00:00","dateModified":"2022-09-22T09:50:44+00:00","description":"La compota de ruibarbo es un postre muy popular en Centroeuropa. Prueba nuestra deliciosa y f\u00e1cil receta con fresas frescas","breadcrumb":{"@id":"https:\/\/www.fresopolis-mallorca.com\/es\/receta-de-compota-de-fresas-y-ruibarbo\/#breadcrumb"},"inLanguage":"es","potentialAction":[{"@type":"ReadAction","target":["https:\/\/www.fresopolis-mallorca.com\/es\/receta-de-compota-de-fresas-y-ruibarbo\/"]}]},{"@type":"ImageObject","inLanguage":"es","@id":"https:\/\/www.fresopolis-mallorca.com\/es\/receta-de-compota-de-fresas-y-ruibarbo\/#primaryimage","url":"https:\/\/www.fresopolis-mallorca.com\/wp-content\/uploads\/2022\/09\/Receta-de-compota-de-fresas-y-ruibarbo.jpg","contentUrl":"https:\/\/www.fresopolis-mallorca.com\/wp-content\/uploads\/2022\/09\/Receta-de-compota-de-fresas-y-ruibarbo.jpg","width":1200,"height":628,"caption":"La compota de ruibarbo es un postre muy popular en Centroeuropa. Prueba nuestra deliciosa y f\u00e1cil receta con fresas frescas"},{"@type":"BreadcrumbList","@id":"https:\/\/www.fresopolis-mallorca.com\/es\/receta-de-compota-de-fresas-y-ruibarbo\/#breadcrumb","itemListElement":[{"@type":"ListItem","position":1,"name":"Home","item":"https:\/\/www.fresopolis-mallorca.com\/es\/"},{"@type":"ListItem","position":2,"name":"Receta de compota de fresas y ruibarbo"}]},{"@type":"WebSite","@id":"https:\/\/www.fresopolis-mallorca.com\/es\/#website","url":"https:\/\/www.fresopolis-mallorca.com\/es\/","name":"Fresopolis Mallorca","description":"Our unique children\u2019s farm for families on Mallorca","publisher":{"@id":"https:\/\/www.fresopolis-mallorca.com\/es\/#organization"},"potentialAction":[{"@type":"SearchAction","target":{"@type":"EntryPoint","urlTemplate":"https:\/\/www.fresopolis-mallorca.com\/es\/?s={search_term_string}"},"query-input":{"@type":"PropertyValueSpecification","valueRequired":true,"valueName":"search_term_string"}}],"inLanguage":"es"},{"@type":"Organization","@id":"https:\/\/www.fresopolis-mallorca.com\/es\/#organization","name":"Fresopolis Mallorca","url":"https:\/\/www.fresopolis-mallorca.com\/es\/","logo":{"@type":"ImageObject","inLanguage":"es","@id":"https:\/\/www.fresopolis-mallorca.com\/es\/#\/schema\/logo\/image\/","url":"https:\/\/www.fresopolis-mallorca.com\/wp-content\/uploads\/2022\/04\/Fresopolis-Mallorca-Family-Farm.jpg","contentUrl":"https:\/\/www.fresopolis-mallorca.com\/wp-content\/uploads\/2022\/04\/Fresopolis-Mallorca-Family-Farm.jpg","width":784,"height":784,"caption":"Fresopolis Mallorca"},"image":{"@id":"https:\/\/www.fresopolis-mallorca.com\/es\/#\/schema\/logo\/image\/"},"sameAs":["https:\/\/www.facebook.com\/Fresopolis.Mallorca","https:\/\/www.instagram.com\/fresopolis.mallorca\/","https:\/\/www.youtube.com\/channel\/UCu9D6GxBDXUImkm7dihPyvg"]},{"@type":"Person","@id":"https:\/\/www.fresopolis-mallorca.com\/es\/#\/schema\/person\/3c35023a10330a130b53bdcff57008de","name":"Simon Vetterli","image":{"@type":"ImageObject","inLanguage":"es","@id":"https:\/\/secure.gravatar.com\/avatar\/937c4894d1edc684fd7d93b5f3c458292648a10573fb890c32c7195b78d42529?s=96&d=mm&r=g","url":"https:\/\/secure.gravatar.com\/avatar\/937c4894d1edc684fd7d93b5f3c458292648a10573fb890c32c7195b78d42529?s=96&d=mm&r=g","contentUrl":"https:\/\/secure.gravatar.com\/avatar\/937c4894d1edc684fd7d93b5f3c458292648a10573fb890c32c7195b78d42529?s=96&d=mm&r=g","caption":"Simon Vetterli"},"url":"https:\/\/www.fresopolis-mallorca.com\/es\/author\/admsvetterli\/"}]}},"_links":{"self":[{"href":"https:\/\/www.fresopolis-mallorca.com\/es\/wp-json\/wp\/v2\/posts\/21281","targetHints":{"allow":["GET"]}}],"collection":[{"href":"https:\/\/www.fresopolis-mallorca.com\/es\/wp-json\/wp\/v2\/posts"}],"about":[{"href":"https:\/\/www.fresopolis-mallorca.com\/es\/wp-json\/wp\/v2\/types\/post"}],"author":[{"embeddable":true,"href":"https:\/\/www.fresopolis-mallorca.com\/es\/wp-json\/wp\/v2\/users\/50"}],"replies":[{"embeddable":true,"href":"https:\/\/www.fresopolis-mallorca.com\/es\/wp-json\/wp\/v2\/comments?post=21281"}],"version-history":[{"count":0,"href":"https:\/\/www.fresopolis-mallorca.com\/es\/wp-json\/wp\/v2\/posts\/21281\/revisions"}],"wp:featuredmedia":[{"embeddable":true,"href":"https:\/\/www.fresopolis-mallorca.com\/es\/wp-json\/wp\/v2\/media\/21300"}],"wp:attachment":[{"href":"https:\/\/www.fresopolis-mallorca.com\/es\/wp-json\/wp\/v2\/media?parent=21281"}],"wp:term":[{"taxonomy":"category","embeddable":true,"href":"https:\/\/www.fresopolis-mallorca.com\/es\/wp-json\/wp\/v2\/categories?post=21281"},{"taxonomy":"post_tag","embeddable":true,"href":"https:\/\/www.fresopolis-mallorca.com\/es\/wp-json\/wp\/v2\/tags?post=21281"}],"curies":[{"name":"wp","href":"https:\/\/api.w.org\/{rel}","templated":true}]}}