{"id":22779,"date":"2025-06-12T12:12:54","date_gmt":"2025-06-12T10:12:54","guid":{"rendered":"https:\/\/www.fresopolis-mallorca.com\/fresopolis-un-nuevo-y-animado-centro-de-aprendizaje\/"},"modified":"2025-07-17T10:38:06","modified_gmt":"2025-07-17T08:38:06","slug":"fresopolis-un-nuevo-y-animado-centro-de-aprendizaje","status":"publish","type":"post","link":"https:\/\/www.fresopolis-mallorca.com\/es\/fresopolis-un-nuevo-y-animado-centro-de-aprendizaje\/","title":{"rendered":"Fres\u00f3polis, un nuevo y animado centro de aprendizaje"},"content":{"rendered":"<h2>para los guardianes del clima, la naturaleza y la tierra<\/h2>\n<p>Desde FRESOPOLIS ya estamos trabajando en la nueva programaci\u00f3n de excursiones escolares para el curso 2025\/2026, as\u00ed como en los programas de escuela de verano.<\/p>\n<p>Este a\u00f1o queremos dar un paso m\u00e1s: inspirados por la filosof\u00eda del documental \u201cKiss the Ground\u201d por la integraci\u00f3n de la Agenda 2030 para el Desarrollo Sostenible (marco de la ONU adoptado en los curr\u00edculos europeos), estamos reforzando nuestro enfoque en la agricultura regenerativa y el cuidado del suelo como base para una educaci\u00f3n ambiental transformadora y una reducci\u00f3n sostenible de la huella de carbono.<\/p>\n<p><img loading=\"lazy\" decoding=\"async\" class=\"myresponsive aligncenter wp-image-22759 size-full\" title=\"Objetivos sostenible\" src=\"https:\/\/www.fresopolis-mallorca.com\/wp-content\/uploads\/2025\/06\/Sustainable_Development_Goals_ES.png\" alt=\"Objetivos sostenible\" width=\"1200\" height=\"1755\" \/><\/p>\n<p>En nuestras visitas escolares, los ni\u00f1os y ni\u00f1as no solo no solo descubren la vida animal y el entorno rural, tambi\u00e9n aprenden a conectar con la tierra desde la conciencia, el respeto y la participaci\u00f3n activa&#8230;! y se lo pasan en grande! Estamos preparando nuevas actividades que despierten la curiosidad y el compromiso ecol\u00f3gico desde edades tempranas y que se profundicen a medida que crecen.<\/p>\n<p>Nos gustar\u00eda alinear todav\u00eda m\u00e1s nuestras propuestas con los planes de estudio para que vuestro alumnado obtenga el m\u00e1ximo beneficio de las visitas a FRESOPOLIS. Por eso queremos escucharos:<\/p>\n<p>\u00bfQu\u00e9 contenidos o actividades consider\u00e1is especialmente interesantes para vuestro alumnado y os gustar\u00eda desarrollar con nosotros?<\/p>\n<p>\u00bfHay temas concretos que quer\u00e1is abordar y experimentar durante la excursi\u00f3n?<\/p>\n<p><img loading=\"lazy\" decoding=\"async\" class=\"myresponsive aligncenter wp-image-22762 size-full\" title=\"ni\u00f1os que aprenden\" src=\"https:\/\/www.fresopolis-mallorca.com\/wp-content\/uploads\/2025\/06\/Kinder-die-Pflanzen-untersuchen.jpg\" alt=\"ni\u00f1os que aprenden\" width=\"1248\" height=\"832\" srcset=\"https:\/\/www.fresopolis-mallorca.com\/wp-content\/uploads\/2025\/06\/Kinder-die-Pflanzen-untersuchen.jpg 1248w, https:\/\/www.fresopolis-mallorca.com\/wp-content\/uploads\/2025\/06\/Kinder-die-Pflanzen-untersuchen-300x200.jpg 300w, https:\/\/www.fresopolis-mallorca.com\/wp-content\/uploads\/2025\/06\/Kinder-die-Pflanzen-untersuchen-1024x683.jpg 1024w, https:\/\/www.fresopolis-mallorca.com\/wp-content\/uploads\/2025\/06\/Kinder-die-Pflanzen-untersuchen-1200x800.jpg 1200w, https:\/\/www.fresopolis-mallorca.com\/wp-content\/uploads\/2025\/06\/Kinder-die-Pflanzen-untersuchen-200x133.jpg 200w, https:\/\/www.fresopolis-mallorca.com\/wp-content\/uploads\/2025\/06\/Kinder-die-Pflanzen-untersuchen-600x400.jpg 600w\" sizes=\"auto, (max-width: 1248px) 100vw, 1248px\" \/><\/p>\n<p>Vuestra opini\u00f3n es clave para que sigamos creciendo como espacio educativo, hagamos nuestra oferta m\u00e1s atractiva tambi\u00e9n para los cursos superiores y os apoyemos activamente en la implementaci\u00f3n de los contenidos curriculares.<\/p>\n<p>El autor: Francesco del Orbe<\/p>\n<p>Los 17 Objetivos de Desarrollo Sostenible de las Naciones Unidas. Gr\u00e1fico: wikimedia | PNUD | dominio p\u00fablico<\/p>\n","protected":false},"excerpt":{"rendered":"<p>para los guardianes del clima, la naturaleza y la tierra Desde FRESOPOLIS ya estamos trabajando en la nueva programaci\u00f3n de excursiones escolares para el curso 2025\/2026, as\u00ed como en los programas de escuela de verano. Este a\u00f1o queremos dar un paso m\u00e1s: inspirados por la filosof\u00eda del documental \u201cKiss the Ground\u201d por la integraci\u00f3n de&#8230;<\/p>\n","protected":false},"author":26,"featured_media":22758,"comment_status":"closed","ping_status":"closed","sticky":false,"template":"","format":"standard","meta":{"inline_featured_image":false,"mc4wp_mailchimp_campaign":[],"footnotes":""},"categories":[168],"tags":[190,192,191],"class_list":["post-22779","post","type-post","status-publish","format-standard","has-post-thumbnail","hentry","category-noticias","tag-centro-de-aprendizaje","tag-excursion","tag-taller"],"yoast_head":"<!-- This site is optimized with the Yoast SEO plugin v27.5 - https:\/\/yoast.com\/product\/yoast-seo-wordpress\/ -->\n<title>Fres\u00f3polis, un nuevo y animado centro de aprendizaje - Fresopolis Mallorca<\/title>\n<meta name=\"robots\" content=\"index, follow, max-snippet:-1, max-image-preview:large, max-video-preview:-1\" \/>\n<link rel=\"canonical\" href=\"https:\/\/www.fresopolis-mallorca.com\/es\/fresopolis-un-nuevo-y-animado-centro-de-aprendizaje\/\" \/>\n<meta property=\"og:locale\" content=\"es_ES\" \/>\n<meta property=\"og:type\" content=\"article\" \/>\n<meta property=\"og:title\" content=\"Fres\u00f3polis, un nuevo y animado centro de aprendizaje - Fresopolis Mallorca\" \/>\n<meta property=\"og:description\" content=\"para los guardianes del clima, la naturaleza y la tierra Desde FRESOPOLIS ya estamos trabajando en la nueva programaci\u00f3n de excursiones escolares para el curso 2025\/2026, as\u00ed como en los programas de escuela de verano. Este a\u00f1o queremos dar un paso m\u00e1s: inspirados por la filosof\u00eda del documental \u201cKiss the Ground\u201d por la integraci\u00f3n de...\" \/>\n<meta property=\"og:url\" content=\"https:\/\/www.fresopolis-mallorca.com\/es\/fresopolis-un-nuevo-y-animado-centro-de-aprendizaje\/\" \/>\n<meta property=\"og:site_name\" content=\"Fresopolis Mallorca\" \/>\n<meta property=\"article:publisher\" content=\"https:\/\/www.facebook.com\/Fresopolis.Mallorca\" \/>\n<meta property=\"article:published_time\" content=\"2025-06-12T10:12:54+00:00\" \/>\n<meta property=\"article:modified_time\" content=\"2025-07-17T08:38:06+00:00\" \/>\n<meta property=\"og:image\" content=\"https:\/\/www.fresopolis-mallorca.com\/wp-content\/uploads\/2025\/06\/Lehrerin-mit-Schuelern-und-Kompost.jpg\" \/>\n\t<meta property=\"og:image:width\" content=\"1248\" \/>\n\t<meta property=\"og:image:height\" content=\"832\" \/>\n\t<meta property=\"og:image:type\" content=\"image\/jpeg\" \/>\n<meta name=\"author\" content=\"Marketing Portinus\" \/>\n<meta name=\"twitter:card\" content=\"summary_large_image\" \/>\n<meta name=\"twitter:label1\" content=\"Escrito por\" \/>\n\t<meta name=\"twitter:data1\" content=\"Marketing Portinus\" \/>\n\t<meta name=\"twitter:label2\" content=\"Tiempo de lectura\" \/>\n\t<meta name=\"twitter:data2\" content=\"1 minuto\" \/>\n<script type=\"application\/ld+json\" class=\"yoast-schema-graph\">{\"@context\":\"https:\\\/\\\/schema.org\",\"@graph\":[{\"@type\":\"Article\",\"@id\":\"https:\\\/\\\/www.fresopolis-mallorca.com\\\/es\\\/fresopolis-un-nuevo-y-animado-centro-de-aprendizaje\\\/#article\",\"isPartOf\":{\"@id\":\"https:\\\/\\\/www.fresopolis-mallorca.com\\\/es\\\/fresopolis-un-nuevo-y-animado-centro-de-aprendizaje\\\/\"},\"author\":{\"name\":\"Marketing Portinus\",\"@id\":\"https:\\\/\\\/www.fresopolis-mallorca.com\\\/es\\\/#\\\/schema\\\/person\\\/280064528139121fdb822cbe82714c7a\"},\"headline\":\"Fres\u00f3polis, un nuevo y animado centro de aprendizaje\",\"datePublished\":\"2025-06-12T10:12:54+00:00\",\"dateModified\":\"2025-07-17T08:38:06+00:00\",\"mainEntityOfPage\":{\"@id\":\"https:\\\/\\\/www.fresopolis-mallorca.com\\\/es\\\/fresopolis-un-nuevo-y-animado-centro-de-aprendizaje\\\/\"},\"wordCount\":306,\"publisher\":{\"@id\":\"https:\\\/\\\/www.fresopolis-mallorca.com\\\/es\\\/#organization\"},\"image\":{\"@id\":\"https:\\\/\\\/www.fresopolis-mallorca.com\\\/es\\\/fresopolis-un-nuevo-y-animado-centro-de-aprendizaje\\\/#primaryimage\"},\"thumbnailUrl\":\"https:\\\/\\\/www.fresopolis-mallorca.com\\\/wp-content\\\/uploads\\\/2025\\\/06\\\/Lehrerin-mit-Schuelern-und-Kompost.jpg\",\"keywords\":[\"centro de aprendizaje\",\"excursi\u00f3n\",\"taller\"],\"articleSection\":[\"Noticias\"],\"inLanguage\":\"es\"},{\"@type\":\"WebPage\",\"@id\":\"https:\\\/\\\/www.fresopolis-mallorca.com\\\/es\\\/fresopolis-un-nuevo-y-animado-centro-de-aprendizaje\\\/\",\"url\":\"https:\\\/\\\/www.fresopolis-mallorca.com\\\/es\\\/fresopolis-un-nuevo-y-animado-centro-de-aprendizaje\\\/\",\"name\":\"Fres\u00f3polis, un nuevo y animado centro de aprendizaje - Fresopolis Mallorca\",\"isPartOf\":{\"@id\":\"https:\\\/\\\/www.fresopolis-mallorca.com\\\/es\\\/#website\"},\"primaryImageOfPage\":{\"@id\":\"https:\\\/\\\/www.fresopolis-mallorca.com\\\/es\\\/fresopolis-un-nuevo-y-animado-centro-de-aprendizaje\\\/#primaryimage\"},\"image\":{\"@id\":\"https:\\\/\\\/www.fresopolis-mallorca.com\\\/es\\\/fresopolis-un-nuevo-y-animado-centro-de-aprendizaje\\\/#primaryimage\"},\"thumbnailUrl\":\"https:\\\/\\\/www.fresopolis-mallorca.com\\\/wp-content\\\/uploads\\\/2025\\\/06\\\/Lehrerin-mit-Schuelern-und-Kompost.jpg\",\"datePublished\":\"2025-06-12T10:12:54+00:00\",\"dateModified\":\"2025-07-17T08:38:06+00:00\",\"breadcrumb\":{\"@id\":\"https:\\\/\\\/www.fresopolis-mallorca.com\\\/es\\\/fresopolis-un-nuevo-y-animado-centro-de-aprendizaje\\\/#breadcrumb\"},\"inLanguage\":\"es\",\"potentialAction\":[{\"@type\":\"ReadAction\",\"target\":[\"https:\\\/\\\/www.fresopolis-mallorca.com\\\/es\\\/fresopolis-un-nuevo-y-animado-centro-de-aprendizaje\\\/\"]}]},{\"@type\":\"ImageObject\",\"inLanguage\":\"es\",\"@id\":\"https:\\\/\\\/www.fresopolis-mallorca.com\\\/es\\\/fresopolis-un-nuevo-y-animado-centro-de-aprendizaje\\\/#primaryimage\",\"url\":\"https:\\\/\\\/www.fresopolis-mallorca.com\\\/wp-content\\\/uploads\\\/2025\\\/06\\\/Lehrerin-mit-Schuelern-und-Kompost.jpg\",\"contentUrl\":\"https:\\\/\\\/www.fresopolis-mallorca.com\\\/wp-content\\\/uploads\\\/2025\\\/06\\\/Lehrerin-mit-Schuelern-und-Kompost.jpg\",\"width\":1248,\"height\":832},{\"@type\":\"BreadcrumbList\",\"@id\":\"https:\\\/\\\/www.fresopolis-mallorca.com\\\/es\\\/fresopolis-un-nuevo-y-animado-centro-de-aprendizaje\\\/#breadcrumb\",\"itemListElement\":[{\"@type\":\"ListItem\",\"position\":1,\"name\":\"Home\",\"item\":\"https:\\\/\\\/www.fresopolis-mallorca.com\\\/es\\\/\"},{\"@type\":\"ListItem\",\"position\":2,\"name\":\"Fres\u00f3polis, un nuevo y animado centro de aprendizaje\"}]},{\"@type\":\"WebSite\",\"@id\":\"https:\\\/\\\/www.fresopolis-mallorca.com\\\/es\\\/#website\",\"url\":\"https:\\\/\\\/www.fresopolis-mallorca.com\\\/es\\\/\",\"name\":\"Fresopolis Mallorca\",\"description\":\"Our unique children\u2019s farm for families on Mallorca\",\"publisher\":{\"@id\":\"https:\\\/\\\/www.fresopolis-mallorca.com\\\/es\\\/#organization\"},\"potentialAction\":[{\"@type\":\"SearchAction\",\"target\":{\"@type\":\"EntryPoint\",\"urlTemplate\":\"https:\\\/\\\/www.fresopolis-mallorca.com\\\/es\\\/?s={search_term_string}\"},\"query-input\":{\"@type\":\"PropertyValueSpecification\",\"valueRequired\":true,\"valueName\":\"search_term_string\"}}],\"inLanguage\":\"es\"},{\"@type\":\"Organization\",\"@id\":\"https:\\\/\\\/www.fresopolis-mallorca.com\\\/es\\\/#organization\",\"name\":\"Fresopolis Mallorca\",\"url\":\"https:\\\/\\\/www.fresopolis-mallorca.com\\\/es\\\/\",\"logo\":{\"@type\":\"ImageObject\",\"inLanguage\":\"es\",\"@id\":\"https:\\\/\\\/www.fresopolis-mallorca.com\\\/es\\\/#\\\/schema\\\/logo\\\/image\\\/\",\"url\":\"https:\\\/\\\/www.fresopolis-mallorca.com\\\/wp-content\\\/uploads\\\/2022\\\/04\\\/Fresopolis-Mallorca-Family-Farm.jpg\",\"contentUrl\":\"https:\\\/\\\/www.fresopolis-mallorca.com\\\/wp-content\\\/uploads\\\/2022\\\/04\\\/Fresopolis-Mallorca-Family-Farm.jpg\",\"width\":784,\"height\":784,\"caption\":\"Fresopolis Mallorca\"},\"image\":{\"@id\":\"https:\\\/\\\/www.fresopolis-mallorca.com\\\/es\\\/#\\\/schema\\\/logo\\\/image\\\/\"},\"sameAs\":[\"https:\\\/\\\/www.facebook.com\\\/Fresopolis.Mallorca\",\"https:\\\/\\\/www.instagram.com\\\/fresopolis.mallorca\\\/\",\"https:\\\/\\\/www.youtube.com\\\/channel\\\/UCu9D6GxBDXUImkm7dihPyvg\"]},{\"@type\":\"Person\",\"@id\":\"https:\\\/\\\/www.fresopolis-mallorca.com\\\/es\\\/#\\\/schema\\\/person\\\/280064528139121fdb822cbe82714c7a\",\"name\":\"Marketing Portinus\",\"image\":{\"@type\":\"ImageObject\",\"inLanguage\":\"es\",\"@id\":\"https:\\\/\\\/secure.gravatar.com\\\/avatar\\\/ac1d26dbc6d532ae5321813c68be5edcea743ecdc6dd0038f43e8ae41f2ac578?s=96&d=mm&r=g\",\"url\":\"https:\\\/\\\/secure.gravatar.com\\\/avatar\\\/ac1d26dbc6d532ae5321813c68be5edcea743ecdc6dd0038f43e8ae41f2ac578?s=96&d=mm&r=g\",\"contentUrl\":\"https:\\\/\\\/secure.gravatar.com\\\/avatar\\\/ac1d26dbc6d532ae5321813c68be5edcea743ecdc6dd0038f43e8ae41f2ac578?s=96&d=mm&r=g\",\"caption\":\"Marketing Portinus\"},\"sameAs\":[\"https:\\\/\\\/www.fresopolis-mallorca.com\\\/\"],\"url\":\"https:\\\/\\\/www.fresopolis-mallorca.com\\\/es\\\/author\\\/mportinus\\\/\"}]}<\/script>\n<!-- \/ Yoast SEO plugin. -->","yoast_head_json":{"title":"Fres\u00f3polis, un nuevo y animado centro de aprendizaje - Fresopolis Mallorca","robots":{"index":"index","follow":"follow","max-snippet":"max-snippet:-1","max-image-preview":"max-image-preview:large","max-video-preview":"max-video-preview:-1"},"canonical":"https:\/\/www.fresopolis-mallorca.com\/es\/fresopolis-un-nuevo-y-animado-centro-de-aprendizaje\/","og_locale":"es_ES","og_type":"article","og_title":"Fres\u00f3polis, un nuevo y animado centro de aprendizaje - Fresopolis Mallorca","og_description":"para los guardianes del clima, la naturaleza y la tierra Desde FRESOPOLIS ya estamos trabajando en la nueva programaci\u00f3n de excursiones escolares para el curso 2025\/2026, as\u00ed como en los programas de escuela de verano. Este a\u00f1o queremos dar un paso m\u00e1s: inspirados por la filosof\u00eda del documental \u201cKiss the Ground\u201d por la integraci\u00f3n de...","og_url":"https:\/\/www.fresopolis-mallorca.com\/es\/fresopolis-un-nuevo-y-animado-centro-de-aprendizaje\/","og_site_name":"Fresopolis Mallorca","article_publisher":"https:\/\/www.facebook.com\/Fresopolis.Mallorca","article_published_time":"2025-06-12T10:12:54+00:00","article_modified_time":"2025-07-17T08:38:06+00:00","og_image":[{"width":1248,"height":832,"url":"https:\/\/www.fresopolis-mallorca.com\/wp-content\/uploads\/2025\/06\/Lehrerin-mit-Schuelern-und-Kompost.jpg","type":"image\/jpeg"}],"author":"Marketing Portinus","twitter_card":"summary_large_image","twitter_misc":{"Escrito por":"Marketing Portinus","Tiempo de lectura":"1 minuto"},"schema":{"@context":"https:\/\/schema.org","@graph":[{"@type":"Article","@id":"https:\/\/www.fresopolis-mallorca.com\/es\/fresopolis-un-nuevo-y-animado-centro-de-aprendizaje\/#article","isPartOf":{"@id":"https:\/\/www.fresopolis-mallorca.com\/es\/fresopolis-un-nuevo-y-animado-centro-de-aprendizaje\/"},"author":{"name":"Marketing Portinus","@id":"https:\/\/www.fresopolis-mallorca.com\/es\/#\/schema\/person\/280064528139121fdb822cbe82714c7a"},"headline":"Fres\u00f3polis, un nuevo y animado centro de aprendizaje","datePublished":"2025-06-12T10:12:54+00:00","dateModified":"2025-07-17T08:38:06+00:00","mainEntityOfPage":{"@id":"https:\/\/www.fresopolis-mallorca.com\/es\/fresopolis-un-nuevo-y-animado-centro-de-aprendizaje\/"},"wordCount":306,"publisher":{"@id":"https:\/\/www.fresopolis-mallorca.com\/es\/#organization"},"image":{"@id":"https:\/\/www.fresopolis-mallorca.com\/es\/fresopolis-un-nuevo-y-animado-centro-de-aprendizaje\/#primaryimage"},"thumbnailUrl":"https:\/\/www.fresopolis-mallorca.com\/wp-content\/uploads\/2025\/06\/Lehrerin-mit-Schuelern-und-Kompost.jpg","keywords":["centro de aprendizaje","excursi\u00f3n","taller"],"articleSection":["Noticias"],"inLanguage":"es"},{"@type":"WebPage","@id":"https:\/\/www.fresopolis-mallorca.com\/es\/fresopolis-un-nuevo-y-animado-centro-de-aprendizaje\/","url":"https:\/\/www.fresopolis-mallorca.com\/es\/fresopolis-un-nuevo-y-animado-centro-de-aprendizaje\/","name":"Fres\u00f3polis, un nuevo y animado centro de aprendizaje - Fresopolis Mallorca","isPartOf":{"@id":"https:\/\/www.fresopolis-mallorca.com\/es\/#website"},"primaryImageOfPage":{"@id":"https:\/\/www.fresopolis-mallorca.com\/es\/fresopolis-un-nuevo-y-animado-centro-de-aprendizaje\/#primaryimage"},"image":{"@id":"https:\/\/www.fresopolis-mallorca.com\/es\/fresopolis-un-nuevo-y-animado-centro-de-aprendizaje\/#primaryimage"},"thumbnailUrl":"https:\/\/www.fresopolis-mallorca.com\/wp-content\/uploads\/2025\/06\/Lehrerin-mit-Schuelern-und-Kompost.jpg","datePublished":"2025-06-12T10:12:54+00:00","dateModified":"2025-07-17T08:38:06+00:00","breadcrumb":{"@id":"https:\/\/www.fresopolis-mallorca.com\/es\/fresopolis-un-nuevo-y-animado-centro-de-aprendizaje\/#breadcrumb"},"inLanguage":"es","potentialAction":[{"@type":"ReadAction","target":["https:\/\/www.fresopolis-mallorca.com\/es\/fresopolis-un-nuevo-y-animado-centro-de-aprendizaje\/"]}]},{"@type":"ImageObject","inLanguage":"es","@id":"https:\/\/www.fresopolis-mallorca.com\/es\/fresopolis-un-nuevo-y-animado-centro-de-aprendizaje\/#primaryimage","url":"https:\/\/www.fresopolis-mallorca.com\/wp-content\/uploads\/2025\/06\/Lehrerin-mit-Schuelern-und-Kompost.jpg","contentUrl":"https:\/\/www.fresopolis-mallorca.com\/wp-content\/uploads\/2025\/06\/Lehrerin-mit-Schuelern-und-Kompost.jpg","width":1248,"height":832},{"@type":"BreadcrumbList","@id":"https:\/\/www.fresopolis-mallorca.com\/es\/fresopolis-un-nuevo-y-animado-centro-de-aprendizaje\/#breadcrumb","itemListElement":[{"@type":"ListItem","position":1,"name":"Home","item":"https:\/\/www.fresopolis-mallorca.com\/es\/"},{"@type":"ListItem","position":2,"name":"Fres\u00f3polis, un nuevo y animado centro de aprendizaje"}]},{"@type":"WebSite","@id":"https:\/\/www.fresopolis-mallorca.com\/es\/#website","url":"https:\/\/www.fresopolis-mallorca.com\/es\/","name":"Fresopolis Mallorca","description":"Our unique children\u2019s farm for families on Mallorca","publisher":{"@id":"https:\/\/www.fresopolis-mallorca.com\/es\/#organization"},"potentialAction":[{"@type":"SearchAction","target":{"@type":"EntryPoint","urlTemplate":"https:\/\/www.fresopolis-mallorca.com\/es\/?s={search_term_string}"},"query-input":{"@type":"PropertyValueSpecification","valueRequired":true,"valueName":"search_term_string"}}],"inLanguage":"es"},{"@type":"Organization","@id":"https:\/\/www.fresopolis-mallorca.com\/es\/#organization","name":"Fresopolis Mallorca","url":"https:\/\/www.fresopolis-mallorca.com\/es\/","logo":{"@type":"ImageObject","inLanguage":"es","@id":"https:\/\/www.fresopolis-mallorca.com\/es\/#\/schema\/logo\/image\/","url":"https:\/\/www.fresopolis-mallorca.com\/wp-content\/uploads\/2022\/04\/Fresopolis-Mallorca-Family-Farm.jpg","contentUrl":"https:\/\/www.fresopolis-mallorca.com\/wp-content\/uploads\/2022\/04\/Fresopolis-Mallorca-Family-Farm.jpg","width":784,"height":784,"caption":"Fresopolis Mallorca"},"image":{"@id":"https:\/\/www.fresopolis-mallorca.com\/es\/#\/schema\/logo\/image\/"},"sameAs":["https:\/\/www.facebook.com\/Fresopolis.Mallorca","https:\/\/www.instagram.com\/fresopolis.mallorca\/","https:\/\/www.youtube.com\/channel\/UCu9D6GxBDXUImkm7dihPyvg"]},{"@type":"Person","@id":"https:\/\/www.fresopolis-mallorca.com\/es\/#\/schema\/person\/280064528139121fdb822cbe82714c7a","name":"Marketing Portinus","image":{"@type":"ImageObject","inLanguage":"es","@id":"https:\/\/secure.gravatar.com\/avatar\/ac1d26dbc6d532ae5321813c68be5edcea743ecdc6dd0038f43e8ae41f2ac578?s=96&d=mm&r=g","url":"https:\/\/secure.gravatar.com\/avatar\/ac1d26dbc6d532ae5321813c68be5edcea743ecdc6dd0038f43e8ae41f2ac578?s=96&d=mm&r=g","contentUrl":"https:\/\/secure.gravatar.com\/avatar\/ac1d26dbc6d532ae5321813c68be5edcea743ecdc6dd0038f43e8ae41f2ac578?s=96&d=mm&r=g","caption":"Marketing Portinus"},"sameAs":["https:\/\/www.fresopolis-mallorca.com\/"],"url":"https:\/\/www.fresopolis-mallorca.com\/es\/author\/mportinus\/"}]}},"_links":{"self":[{"href":"https:\/\/www.fresopolis-mallorca.com\/es\/wp-json\/wp\/v2\/posts\/22779","targetHints":{"allow":["GET"]}}],"collection":[{"href":"https:\/\/www.fresopolis-mallorca.com\/es\/wp-json\/wp\/v2\/posts"}],"about":[{"href":"https:\/\/www.fresopolis-mallorca.com\/es\/wp-json\/wp\/v2\/types\/post"}],"author":[{"embeddable":true,"href":"https:\/\/www.fresopolis-mallorca.com\/es\/wp-json\/wp\/v2\/users\/26"}],"replies":[{"embeddable":true,"href":"https:\/\/www.fresopolis-mallorca.com\/es\/wp-json\/wp\/v2\/comments?post=22779"}],"version-history":[{"count":0,"href":"https:\/\/www.fresopolis-mallorca.com\/es\/wp-json\/wp\/v2\/posts\/22779\/revisions"}],"wp:featuredmedia":[{"embeddable":true,"href":"https:\/\/www.fresopolis-mallorca.com\/es\/wp-json\/wp\/v2\/media\/22758"}],"wp:attachment":[{"href":"https:\/\/www.fresopolis-mallorca.com\/es\/wp-json\/wp\/v2\/media?parent=22779"}],"wp:term":[{"taxonomy":"category","embeddable":true,"href":"https:\/\/www.fresopolis-mallorca.com\/es\/wp-json\/wp\/v2\/categories?post=22779"},{"taxonomy":"post_tag","embeddable":true,"href":"https:\/\/www.fresopolis-mallorca.com\/es\/wp-json\/wp\/v2\/tags?post=22779"}],"curies":[{"name":"wp","href":"https:\/\/api.w.org\/{rel}","templated":true}]}}